{"id":1543,"date":"2026-09-04T14:35:18","date_gmt":"2026-09-04T12:35:18","guid":{"rendered":"https:\/\/galleriaalbertosordi.com\/caldo-roma-agosto-2\/"},"modified":"2026-09-04T15:46:22","modified_gmt":"2026-09-04T13:46:22","slug":"weekend-roma-itinerario","status":"publish","type":"post","link":"https:\/\/galleriaalbertosordi.com\/en\/weekend-roma-itinerario\/","title":{"rendered":"Un weekend a Roma: itinerario shopping ed emozioni a due passi dalla Galleria"},"content":{"rendered":"<section class=\"testata\">\r\n        <div class=\"background\" style=\"background-image: url('https:\/\/galleriaalbertosordi.com\/wp-content\/uploads\/2026\/09\/Pantheon_Rome_-_Right_side_and_front.jpg');\">\r\n\r\n      \r\n    <\/div>\r\n          <h2>Un weekend a Roma: itinerario shopping ed emozioni a due passi dalla Galleria<\/h2>\r\n      <\/section>\n\n  <section class=\"contenuto-news\">\r\n        <div class=\"contenuto-news-col-sx\">\r\n      <p>Un percorso a piedi tra shopping, gusto e bellezza, con la Galleria Alberto Sordi come punto di partenza per scoprire il meglio del centro storico in 48 ore.<\/p>\n<p>Roma non ha bisogno di presentazioni, ma anche i visitatori pi\u00f9 esperti sanno che il centro storico pu\u00f2 disorientare: troppe strade, troppe tentazioni, poco tempo. La buona notizia \u00e8 che, partendo da Piazza Colonna, quasi tutto quello che vale la pena vedere si trova a portata di piedi. Ecco un itinerario pensato per un weekend, tra shopping, soste golose e grandi classici, con la Galleria Alberto Sordi come base d&#8217;appoggio ideale \u2014 anche solo per un caff\u00e8 tra una tappa e l&#8217;altra.<\/p>\n<h2>Sabato mattina: si parte dalla Galleria<\/h2>\n<p>Il punto di partenza perfetto \u00e8 proprio la Galleria Alberto Sordi, affacciata su Piazza Colonna e Via del Corso. Prima di uscire, vale la pena dedicare mezz&#8217;ora alla struttura stessa: i lucernari originali, i mosaici a pavimento e le vetrate liberty raccontano una storia lunga pi\u00f9 di un secolo, e sono un buon assaggio dell&#8217;eleganza che si respira in tutto il centro. Chi vuole partire con il piede giusto pu\u00f2 fare una prima incursione tra i negozi \u2014 da Uniqlo a Calvin Klein, da Mango a Mondadori Store \u2014 o semplicemente prendere un caff\u00e8 prima di mettersi in cammino.<\/p>\n<h2>Tappa 1 \u2013 Fontana di Trevi (3 minuti a piedi)<\/h2>\n<p>Il primo classico \u00e8 quasi dietro l&#8217;angolo. Meglio arrivarci presto, prima delle 10, quando la folla \u00e8 ancora gestibile e la luce del mattino illumina bene il travertino. Cinque minuti per il rito della monetina, qualche foto, e si riparte.<\/p>\n<h2>Tappa 2 \u2013 Il Pantheon (6 minuti a piedi)<\/h2>\n<p>Attraversando un dedalo di stradine strette, dove capita spesso di imbattersi in botteghe artigiane e piccoli caff\u00e8, si arriva a uno dei monumenti meglio conservati dell&#8217;antichit\u00e0 romana. L&#8217;ingresso \u00e8 gratuito ma spesso c&#8217;\u00e8 una fila breve: un buon momento per un caff\u00e8 al volo in uno dei bar della piazza, guardando la cupola dall&#8217;esterno prima di entrare.<\/p>\n<h2>Tappa 3 \u2013 Piazza Navona (10 minuti a piedi)<\/h2>\n<p>Da qui si prosegue verso una delle piazze pi\u00f9 scenografiche della citt\u00e0, con la Fontana dei Quattro Fiumi del Bernini al centro. \u00c8 il posto giusto per una pausa pranzo: tra i tavolini all&#8217;aperto o le rosticcerie con vista sulla piazza, il momento ideale per rallentare e godersi lo spettacolo.<\/p>\n<h2>Tappa 4 \u2013 Via dei Condotti e Piazza di Spagna (7-10 minuti a piedi)<\/h2>\n<p>Il pomeriggio \u00e8 dedicato allo shopping pi\u00f9 glamour. Via dei Condotti resta l&#8217;indirizzo delle grandi maison, mentre la scalinata di Piazza di Spagna \u00e8 il luogo perfetto per una sosta panoramica prima di rientrare verso Via del Corso, l&#8217;arteria dello shopping pi\u00f9 accessibile che riporta dritti alla Galleria Alberto Sordi.<\/p>\n<h2>Sabato sera: aperitivo o cena in Galleria<\/h2>\n<p>Dopo una giornata di cammino, la Galleria torna utile per l&#8217;ultima tappa della giornata: un aperitivo o una cena senza dover affrontare altri spostamenti. Tra le proposte food ci sono Rossopomodoro per una pizza napoletana, Antica Focacceria San Francesco per un&#8217;alternativa pi\u00f9 informale, e Iginio Massari o Stendhal Milano per chi non vuole rinunciare al dolce.<\/p>\n<h2>Domenica: cultura e relax<\/h2>\n<p>Con le gambe pi\u00f9 riposate, la domenica \u00e8 il giorno giusto per le tappe pi\u00f9 impegnative: il complesso di Palazzo Chigi e il Tempio di Adriano, a un solo minuto dalla Galleria, sono un ottimo inizio; per chi vuole spingersi un po&#8217; pi\u00f9 lontano, il Foro Romano (13 minuti a piedi) o il Museo dell&#8217;Ara Pacis (11 minuti) completano il weekend con una full immersion nella storia della citt\u00e0, prima di un ultimo giro tra le vetrine per gli acquisti dell&#8217;ultimo minuto.<\/p>\n<h2>Consigli pratici<\/h2>\n<p>Come muoversi: il centro si esplora comodamente a piedi; per chi arriva da zone pi\u00f9 lontane, le fermate bus di Largo Chigi e Corso e la metro A (Barberini, Spagna) sono a pochi minuti dalla Galleria.<\/p>\n<p>Quando partire: la mattina presto per le tappe pi\u00f9 affollate (Fontana di Trevi, Pantheon), il tardo pomeriggio per lo shopping.<\/p>\n<p>Dove fare una pausa: la Galleria Alberto Sordi \u00e8 comoda proprio perch\u00e9 si trova a met\u00e0 strada tra quasi tutte le tappe dell&#8217;itinerario \u2014 un punto di riferimento a cui tornare pi\u00f9 volte nell&#8217;arco delle due giornate.<\/p>\n<p>Un weekend, un centinaio di passi, e il meglio di Roma a portata di mano: a volte basta partire dal posto giusto.<\/p>\n      <p class=\"data\">4 September 2026<\/p>\r\n    <\/div>\r\n          <div class=\"contenuto-news-col-dx\">\r\n        <div class=\"contenuto-news-col-dx-sx\">\r\n                      <figure>\r\n              <img decoding=\"async\" width=\"1024\" height=\"685\" src=\"https:\/\/galleriaalbertosordi.com\/wp-content\/uploads\/2026\/09\/181693.webp\" class=\"attachment-full size-full\" alt=\"\" srcset=\"https:\/\/galleriaalbertosordi.com\/wp-content\/uploads\/2026\/09\/181693.webp 1024w, https:\/\/galleriaalbertosordi.com\/wp-content\/uploads\/2026\/09\/181693-800x535.webp 800w, https:\/\/galleriaalbertosordi.com\/wp-content\/uploads\/2026\/09\/181693-300x201.webp 300w, https:\/\/galleriaalbertosordi.com\/wp-content\/uploads\/2026\/09\/181693-768x514.webp 768w, https:\/\/galleriaalbertosordi.com\/wp-content\/uploads\/2026\/09\/181693-18x12.webp 18w\" sizes=\"(max-width: 1024px) 100vw, 1024px\">            <\/figure>\r\n                                <h3>&#8220;I principali monumenti romani in 48 ore&#8221;<\/h3>\r\n                  <\/div>\r\n        <div class=\"contenuto-news-col-dx-dx\">\r\n                      <figure>\r\n              <img decoding=\"async\" width=\"1185\" height=\"581\" src=\"https:\/\/galleriaalbertosordi.com\/wp-content\/uploads\/2026\/09\/Monumenti-di-Roma.webp\" class=\"attachment-full size-full\" alt=\"\" srcset=\"https:\/\/galleriaalbertosordi.com\/wp-content\/uploads\/2026\/09\/Monumenti-di-Roma.webp 1185w, https:\/\/galleriaalbertosordi.com\/wp-content\/uploads\/2026\/09\/Monumenti-di-Roma-800x392.webp 800w, https:\/\/galleriaalbertosordi.com\/wp-content\/uploads\/2026\/09\/Monumenti-di-Roma-300x147.webp 300w, https:\/\/galleriaalbertosordi.com\/wp-content\/uploads\/2026\/09\/Monumenti-di-Roma-768x377.webp 768w, https:\/\/galleriaalbertosordi.com\/wp-content\/uploads\/2026\/09\/Monumenti-di-Roma-18x9.webp 18w\" sizes=\"(max-width: 1185px) 100vw, 1185px\">            <\/figure>\r\n                  <\/div>\r\n      <\/div>\r\n    \r\n  <\/section>\n\n<section class=\"galleria\">\r\n\r\n        <div class=\"galleria-col-dx solo-col-dx\">\r\n            <div class=\"swiper\">\r\n        <div class=\"swiper-wrapper\">\r\n                                    <div class=\"swiper-slide\">\r\n                <figure>\r\n                  <img decoding=\"async\" width=\"1620\" height=\"1080\" src=\"https:\/\/galleriaalbertosordi.com\/wp-content\/uploads\/2026\/07\/fabio-fistarol-361ywUBxGQ4-unsplash.jpg\" class=\"attachment-full size-full\" alt=\"\" srcset=\"https:\/\/galleriaalbertosordi.com\/wp-content\/uploads\/2026\/07\/fabio-fistarol-361ywUBxGQ4-unsplash.jpg 1620w, https:\/\/galleriaalbertosordi.com\/wp-content\/uploads\/2026\/07\/fabio-fistarol-361ywUBxGQ4-unsplash-800x533.jpg 800w, https:\/\/galleriaalbertosordi.com\/wp-content\/uploads\/2026\/07\/fabio-fistarol-361ywUBxGQ4-unsplash-300x200.jpg 300w, https:\/\/galleriaalbertosordi.com\/wp-content\/uploads\/2026\/07\/fabio-fistarol-361ywUBxGQ4-unsplash-768x512.jpg 768w, https:\/\/galleriaalbertosordi.com\/wp-content\/uploads\/2026\/07\/fabio-fistarol-361ywUBxGQ4-unsplash-1536x1024.jpg 1536w, https:\/\/galleriaalbertosordi.com\/wp-content\/uploads\/2026\/07\/fabio-fistarol-361ywUBxGQ4-unsplash-18x12.jpg 18w\" sizes=\"(max-width: 1620px) 100vw, 1620px\">                <\/figure>\r\n              <\/div>\r\n                          <div class=\"swiper-slide\">\r\n                <figure>\r\n                  <img decoding=\"async\" width=\"480\" height=\"360\" src=\"https:\/\/galleriaalbertosordi.com\/wp-content\/uploads\/2026\/09\/arco-di-costantino-pic.jpg\" class=\"attachment-full size-full\" alt=\"\" srcset=\"https:\/\/galleriaalbertosordi.com\/wp-content\/uploads\/2026\/09\/arco-di-costantino-pic.jpg 480w, https:\/\/galleriaalbertosordi.com\/wp-content\/uploads\/2026\/09\/arco-di-costantino-pic-300x225.jpg 300w, https:\/\/galleriaalbertosordi.com\/wp-content\/uploads\/2026\/09\/arco-di-costantino-pic-16x12.jpg 16w\" sizes=\"(max-width: 480px) 100vw, 480px\">                <\/figure>\r\n              <\/div>\r\n                          <div class=\"swiper-slide\">\r\n                <figure>\r\n                  <img decoding=\"async\" width=\"1185\" height=\"581\" src=\"https:\/\/galleriaalbertosordi.com\/wp-content\/uploads\/2026\/09\/Monumenti-di-Roma.webp\" class=\"attachment-full size-full\" alt=\"\" srcset=\"https:\/\/galleriaalbertosordi.com\/wp-content\/uploads\/2026\/09\/Monumenti-di-Roma.webp 1185w, https:\/\/galleriaalbertosordi.com\/wp-content\/uploads\/2026\/09\/Monumenti-di-Roma-800x392.webp 800w, https:\/\/galleriaalbertosordi.com\/wp-content\/uploads\/2026\/09\/Monumenti-di-Roma-300x147.webp 300w, https:\/\/galleriaalbertosordi.com\/wp-content\/uploads\/2026\/09\/Monumenti-di-Roma-768x377.webp 768w, https:\/\/galleriaalbertosordi.com\/wp-content\/uploads\/2026\/09\/Monumenti-di-Roma-18x9.webp 18w\" sizes=\"(max-width: 1185px) 100vw, 1185px\">                <\/figure>\r\n              <\/div>\r\n                          <div class=\"swiper-slide\">\r\n                <figure>\r\n                  <img decoding=\"async\" width=\"1024\" height=\"685\" src=\"https:\/\/galleriaalbertosordi.com\/wp-content\/uploads\/2026\/09\/181693.webp\" class=\"attachment-full size-full\" alt=\"\" srcset=\"https:\/\/galleriaalbertosordi.com\/wp-content\/uploads\/2026\/09\/181693.webp 1024w, https:\/\/galleriaalbertosordi.com\/wp-content\/uploads\/2026\/09\/181693-800x535.webp 800w, https:\/\/galleriaalbertosordi.com\/wp-content\/uploads\/2026\/09\/181693-300x201.webp 300w, https:\/\/galleriaalbertosordi.com\/wp-content\/uploads\/2026\/09\/181693-768x514.webp 768w, https:\/\/galleriaalbertosordi.com\/wp-content\/uploads\/2026\/09\/181693-18x12.webp 18w\" sizes=\"(max-width: 1024px) 100vw, 1024px\">                <\/figure>\r\n              <\/div>\r\n                          <div class=\"swiper-slide\">\r\n                <figure>\r\n                  <img decoding=\"async\" width=\"960\" height=\"773\" src=\"https:\/\/galleriaalbertosordi.com\/wp-content\/uploads\/2026\/09\/Pantheon_Rome_-_Right_side_and_front.jpg\" class=\"attachment-full size-full\" alt=\"\" srcset=\"https:\/\/galleriaalbertosordi.com\/wp-content\/uploads\/2026\/09\/Pantheon_Rome_-_Right_side_and_front.jpg 960w, https:\/\/galleriaalbertosordi.com\/wp-content\/uploads\/2026\/09\/Pantheon_Rome_-_Right_side_and_front-800x644.jpg 800w, https:\/\/galleriaalbertosordi.com\/wp-content\/uploads\/2026\/09\/Pantheon_Rome_-_Right_side_and_front-300x242.jpg 300w, https:\/\/galleriaalbertosordi.com\/wp-content\/uploads\/2026\/09\/Pantheon_Rome_-_Right_side_and_front-768x618.jpg 768w, https:\/\/galleriaalbertosordi.com\/wp-content\/uploads\/2026\/09\/Pantheon_Rome_-_Right_side_and_front-15x12.jpg 15w\" sizes=\"(max-width: 960px) 100vw, 960px\">                <\/figure>\r\n              <\/div>\r\n                      \r\n          <div class=\"swiper-slide\">\r\n          <\/div>\r\n        <\/div>\r\n        <div class=\"swiper-button-next\"><\/div>\r\n        <div class=\"swiper-button-prev\"><\/div>\r\n      <\/div>\r\n      <\/div>\r\n<\/section>","protected":false},"excerpt":{"rendered":"","protected":false},"author":1,"featured_media":1545,"comment_status":"closed","ping_status":"open","sticky":false,"template":"","format":"standard","meta":{"_acf_changed":false,"footnotes":""},"categories":[1],"tags":[],"class_list":["post-1543","post","type-post","status-publish","format-standard","has-post-thumbnail","hentry","category-news"],"acf":[],"_links":{"self":[{"href":"https:\/\/galleriaalbertosordi.com\/en\/wp-json\/wp\/v2\/posts\/1543","targetHints":{"allow":["GET"]}}],"collection":[{"href":"https:\/\/galleriaalbertosordi.com\/en\/wp-json\/wp\/v2\/posts"}],"about":[{"href":"https:\/\/galleriaalbertosordi.com\/en\/wp-json\/wp\/v2\/types\/post"}],"author":[{"embeddable":true,"href":"https:\/\/galleriaalbertosordi.com\/en\/wp-json\/wp\/v2\/users\/1"}],"replies":[{"embeddable":true,"href":"https:\/\/galleriaalbertosordi.com\/en\/wp-json\/wp\/v2\/comments?post=1543"}],"version-history":[{"count":1,"href":"https:\/\/galleriaalbertosordi.com\/en\/wp-json\/wp\/v2\/posts\/1543\/revisions"}],"predecessor-version":[{"id":1549,"href":"https:\/\/galleriaalbertosordi.com\/en\/wp-json\/wp\/v2\/posts\/1543\/revisions\/1549"}],"wp:featuredmedia":[{"embeddable":true,"href":"https:\/\/galleriaalbertosordi.com\/en\/wp-json\/wp\/v2\/media\/1545"}],"wp:attachment":[{"href":"https:\/\/galleriaalbertosordi.com\/en\/wp-json\/wp\/v2\/media?parent=1543"}],"wp:term":[{"taxonomy":"category","embeddable":true,"href":"https:\/\/galleriaalbertosordi.com\/en\/wp-json\/wp\/v2\/categories?post=1543"},{"taxonomy":"post_tag","embeddable":true,"href":"https:\/\/galleriaalbertosordi.com\/en\/wp-json\/wp\/v2\/tags?post=1543"}],"curies":[{"name":"wp","href":"https:\/\/api.w.org\/{rel}","templated":true}]}}